[{"@context":"https:\/\/schema.org\/","@type":"Article","@id":"https:\/\/www.grazo.cz\/pekna-zahrada\/#Article","mainEntityOfPage":"https:\/\/www.grazo.cz\/pekna-zahrada\/","headline":"P\u011bkn\u00e1 zahrada","name":"P\u011bkn\u00e1 zahrada","description":"V\u017edycky jsem m\u011bla sen, \u017ee budu m\u00edt opravdu velik\u00fd d\u016fm a tak\u00e9 velikou zahradu. Jenom\u017ee nic nen\u00ed tak, jak si \u010dlov\u011bk usmysl\u00ed. N\u011bkdy se opravdu stane \u0161t\u011bst\u00ed, \u017ee \u010dlov\u011bku se zada\u0159\u00ed to, co si p\u0159eje, \u017ee t\u0159eba se mu spln\u00ed sen, o kter\u00e9m se mu zd\u00e1. A o kter\u00fd m\u00e1 z\u00e1jem. T\u0159eba \u017ee bude m\u00edt [&hellip;]","datePublished":"2024-03-31","dateModified":"2024-03-31","author":{"@type":"Person","@id":"https:\/\/www.grazo.cz\/author\/devene\/#Person","name":"devene","url":"https:\/\/www.grazo.cz\/author\/devene\/","identifier":1,"image":{"@type":"ImageObject","@id":"https:\/\/secure.gravatar.com\/avatar\/0dc285cbe86eecc8073f119fcb2e2c7032b51533f5bb47611c7d4a598558b8b7?s=96&d=mm&r=g","url":"https:\/\/secure.gravatar.com\/avatar\/0dc285cbe86eecc8073f119fcb2e2c7032b51533f5bb47611c7d4a598558b8b7?s=96&d=mm&r=g","height":96,"width":96}},"publisher":{"@type":"Organization","name":"grazo.cz","logo":{"@type":"ImageObject","@id":"\/logo.png","url":"\/logo.png","width":600,"height":60}},"image":{"@type":"ImageObject","@id":"https:\/\/www.grazo.cz\/wp-content\/uploads\/cherry-garden-4517845_640.jpg","url":"https:\/\/www.grazo.cz\/wp-content\/uploads\/cherry-garden-4517845_640.jpg","height":0,"width":0},"url":"https:\/\/www.grazo.cz\/pekna-zahrada\/","about":["Zahrada a d\u016fm"],"wordCount":441,"articleBody":"V\u017edycky jsem m\u011bla sen, \u017ee budu m\u00edt opravdu velik\u00fd d\u016fm a tak\u00e9 velikou zahradu. Jenom\u017ee nic nen\u00ed tak, jak si \u010dlov\u011bk usmysl\u00ed. N\u011bkdy se opravdu stane \u0161t\u011bst\u00ed, \u017ee \u010dlov\u011bku se zada\u0159\u00ed to, co si p\u0159eje, \u017ee t\u0159eba se mu spln\u00ed sen, o kter\u00e9m se mu zd\u00e1. A o kter\u00fd m\u00e1 z\u00e1jem. T\u0159eba \u017ee bude m\u00edt velik\u00fd d\u016fm a velikou zahradu. Samoz\u0159ejm\u011b \u017ee i j\u00e1 jsem v\u017edycky cht\u011bla m\u00edt opravdu kr\u00e1snou a velikou zahradu, proto\u017ee jsem takov\u00fd typ \u010dlov\u011bka, kter\u00fd ve v\u011bt\u0161in\u011b p\u0159\u00edpad\u016f pe\u010duje o zahradu. Nejenom, \u017ee pe\u010duji moc r\u00e1da o rodinu, ale tak\u00e9 o zahradu a taky o na\u0161e zv\u00ed\u0159ata.A proto\u017ee moji rodi\u010de i prarodi\u010de m\u011bli v\u017edycky opravdu velikou zahradu, tak na zahrad\u011b tak\u00e9 m\u011bli v\u017edycky opravdu spoustu zv\u00ed\u0159at. A to hlavn\u011b dom\u00e1c\u00ed zv\u00ed\u0159ata, proto\u017ee prarodi\u010de i rodi\u010de bydleli na vesnici, kde m\u011bli opravdu velik\u00e9 hospod\u00e1\u0159stv\u00ed. Mysl\u00edm si, \u017ee je opravdu hodn\u011b lid\u00ed, kte\u0159\u00ed by tak\u00e9 cht\u011bli b\u00fdt velik\u00fd d\u016fm a tak\u00e9 velikou zahradu. Jenom\u017ee ne v\u017edycky se tohle poda\u0159\u00ed m\u016fj bratr tak\u00e9 v\u017edycky cht\u011bli m\u00edt velikou zahradu. Jenom\u017ee, kdy\u017e zjistil, \u017ee mu nikde nedaj\u00ed \u017e\u00e1dnou hypot\u00e9ku, aby si mohl posadit velik\u00fd d\u016fm se zahradou, tak z toho byl opravdu hodn\u011b ne\u0161\u0165astn\u00fd. M\u016fj bratr byl velice zklaman\u00fd.Tak\u00e9 m\u011b docela zarazil fakt, \u017ee pr\u00e1v\u011b jeho partnerka se s n\u00edm roze\u0161la jenom kv\u016fli tomu, \u017ee nemohli m\u00edt opravdu velik\u00e9 bydlen\u00ed. \u017de nemohli m\u00edt velik\u00fd d\u016fm a velikou zahradu. Mn\u011b tohle p\u0159i\u0161lo od jeho partnerky opravdu hodn\u011b sprost\u00e9. Tolik let spolu byli a najednou se na n\u011bj vyka\u0161lala, \u017ee jim nedali hypot\u00e9ku. Jenom\u017ee je to tak\u00e9 bylo kv\u016fli tomu, \u017ee ona v\u016fbec necht\u011bla pracovat. Ona sice m\u011bla dv\u011b brig\u00e1dy, ale bohu\u017eel to nem\u011bla, jak dolo\u017eit, tak je logick\u00e9, \u017ee potom jim nedali \u017e\u00e1dnou hypot\u00e9ku ani \u017e\u00e1dn\u00fd \u00fav\u011br. A pokud m\u00e1te zahradu a tak\u00e9 velik\u00fd d\u016fm, tak p\u0159edpokl\u00e1d\u00e1m, \u017ee se o to star\u00e1te, proto\u017ee pokud se o to nebudete starat, tak samoz\u0159ejm\u011b, \u017ee to potom bude ch\u00e1trat. A n\u011bjak\u00e1 \u0161kared\u00e1 zarostl\u00e1 zahrada, kde je t\u00e9m\u011b\u0159 n\u011bjak\u00e9 skladi\u0161t\u011b, tak to v\u016fbec nevypad\u00e1 dob\u0159e a j\u00e1 bych se za to osobn\u011b styd\u011bla.\u00a0                                                                                                                                                                                                                                                                                                                                                                                        4.7\/5 - (9 votes)        "},{"@context":"https:\/\/schema.org\/","@type":"BreadcrumbList","itemListElement":[{"@type":"ListItem","position":1,"name":"P\u011bkn\u00e1 zahrada","item":"https:\/\/www.grazo.cz\/pekna-zahrada\/#breadcrumbitem"}]}]